{"id":7409,"date":"2023-04-27T10:43:55","date_gmt":"2023-04-27T08:43:55","guid":{"rendered":"https:\/\/konnektiv.de\/?p=7409"},"modified":"2024-03-18T15:42:49","modified_gmt":"2024-03-18T14:42:49","slug":"digitale-kultur-und-internationale-projekte","status":"publish","type":"post","link":"https:\/\/konnektiv.de\/en\/impuls-1\/digitale-kultur-und-internationale-projekte\/","title":{"rendered":"Digitale Kultur und internationale Projekte"},"content":{"rendered":"\n<div class=\"wp-block-media-text alignfull has-media-on-the-right is-stacked-on-mobile is-vertically-aligned-top is-image-fill has-text-color has-background has-link-color wp-elements-f70b99bc6b4512b6db52d8ba3bd13327\" style=\"color:#fffdc7;background-color:#121c1c;grid-template-columns:auto 60%\"><div class=\"wp-block-media-text__content\">\n<div style=\"height:49px\" aria-hidden=\"true\" class=\"wp-block-spacer\"><\/div>\n\n\n\n<div class=\"wp-block-group is-vertical is-content-justification-center is-layout-flex wp-container-core-group-is-layout-ce155fab wp-block-group-is-layout-flex\">\n<div class=\"wp-block-group has-global-padding is-layout-constrained wp-block-group-is-layout-constrained\">\n<h2 class=\"wp-block-heading has-text-align-left\" style=\"font-size:clamp(27.894px, 1.743rem + ((1vw - 3.2px) * 1.971), 48px);font-weight:700;line-height:1.15\">Einblicke &amp; Ausblicke<\/h2>\n\n\n\n<div style=\"height:8px\" aria-hidden=\"true\" class=\"wp-block-spacer\"><\/div>\n\n\n\n<div style=\"height:30px\" aria-hidden=\"true\" class=\"wp-block-spacer\"><\/div>\n\n\n\n<p class=\"has-text-color has-link-color wp-elements-4a9f224cda3a8ce7c06038e880089b30\" style=\"color:#fffdc7\"><strong><a href=\"https:\/\/konnektiv.de\/category\/impuls-1\/\" data-type=\"URL\" data-id=\"https:\/\/konnektiv.de\/category\/impuls-1\/\">Konnektiv Impuls #1 \u2192<\/a><\/strong> <\/p>\n\n\n\n<div style=\"height:20px\" aria-hidden=\"true\" class=\"wp-block-spacer\"><\/div>\n\n\n\n<p class=\"has-text-color has-small-font-size\" style=\"color:#fffdc7\"><strong>Emily Schuri<br><\/strong>#DigitalCulture #Art #Makerspaces <br>#OpenKnowledge<\/p>\n<\/div>\n<\/div>\n\n\n\n<div style=\"height:30px\" aria-hidden=\"true\" class=\"wp-block-spacer\"><\/div>\n\n\n\n<div style=\"height:77px\" aria-hidden=\"true\" class=\"wp-block-spacer\"><\/div>\n<\/div><figure class=\"wp-block-media-text__media\" style=\"background-image:url(https:\/\/konnektiv.de\/wp-content\/uploads\/2023\/04\/FalcoFantastic-Ive-got-the-power.png);background-position:48% 72%\"><img loading=\"lazy\" decoding=\"async\" width=\"482\" height=\"601\" src=\"https:\/\/konnektiv.de\/wp-content\/uploads\/2023\/04\/FalcoFantastic-Ive-got-the-power.png\" alt=\"\" class=\"wp-image-7556 size-full\" srcset=\"https:\/\/konnektiv.de\/wp-content\/uploads\/2023\/04\/FalcoFantastic-Ive-got-the-power.png 482w, https:\/\/konnektiv.de\/wp-content\/uploads\/2023\/04\/FalcoFantastic-Ive-got-the-power-241x300.png 241w\" sizes=\"auto, (max-width: 482px) 100vw, 482px\" \/><\/figure><\/div>\n\n\n\n<div style=\"height:15px\" aria-hidden=\"true\" class=\"wp-block-spacer\"><\/div>\n\n\n\n<p class=\"has-small-font-size\">Foto &#8220;I&#8217;ve got the power&#8221; von <a rel=\"noreferrer noopener\" href=\"https:\/\/twitter.com\/falko_fantastic\" data-type=\"URL\" data-id=\"https:\/\/twitter.com\/falko_fantastic\" target=\"_blank\"><strong>Falko <\/strong><\/a><strong><a rel=\"noreferrer noopener\" href=\"https:\/\/twitter.com\/falko_fantastic\" data-type=\"URL\" data-id=\"https:\/\/twitter.com\/falko_fantastic\" target=\"_blank\">One<\/a><\/strong> (@falko_fantastic) auf <strong><a rel=\"noreferrer noopener\" href=\"https:\/\/www.instagram.com\/p\/CFEJLuVFn9y\/?epik=dj0yJnU9dkRtZmY1Z2NKd0tfM2R1S3l1Vk1NaVJ1VTZEWEdSWmQmcD0wJm49YnZIaDAxUTBLZkV5bjFZbFBSZHVidyZ0PUFBQUFBR1JLSzln\" data-type=\"URL\" data-id=\"https:\/\/www.instagram.com\/p\/CFEJLuVFn9y\/?epik=dj0yJnU9dkRtZmY1Z2NKd0tfM2R1S3l1Vk1NaVJ1VTZEWEdSWmQmcD0wJm49YnZIaDAxUTBLZkV5bjFZbFBSZHVidyZ0PUFBQUFBR1JLSzln\" target=\"_blank\">Instagram<\/a><\/strong><\/p>\n\n\n\n<div style=\"height:15px\" aria-hidden=\"true\" class=\"wp-block-spacer\"><\/div>\n\n\n\n<h1 class=\"wp-block-heading has-x-large-font-size\" style=\"font-style:normal;font-weight:800\">Digitale Kultur und internationale Projekte <\/h1>\n\n\n\n<div style=\"height:19px\" aria-hidden=\"true\" class=\"wp-block-spacer\"><\/div>\n\n\n\n<p class=\"has-medium-font-size\">In \u201eEinblicke &amp; Ausblicke\u201c pr\u00e4sentieren wir spannende Projekte, Kunst, Events u.v.m. rund um digitale Kultur und internationale Zusammenarbeit. Diesmal mit dabei: Renata \u00c1vila Pinto und Falko One.<\/p>\n\n\n\n<div style=\"height:19px\" aria-hidden=\"true\" class=\"wp-block-spacer\"><\/div>\n\n\n\n<h4 class=\"wp-block-heading\"><strong>African Space Makers<\/strong><\/h4>\n\n\n\n<p style=\"font-size:clamp(14px, 0.875rem + ((1vw - 3.2px) * 0.196), 16px);\">Mit VR einen immersiven Einblick in die Kreativr\u00e4ume Afrikas erhalten? Die VR-Doku-Fiktionsreihe <a href=\"https:\/\/africanspacemakers.space\/#spaces\" target=\"_blank\" rel=\"noreferrer noopener\">African Space Makers<\/a> l\u00e4sst uns in der Rolle diverser Innovator*innen verschiedene Makerspaces und kreative Projekte in Nairobi und deren sozialen und politischen Einfluss erkunden. Die von <a href=\"https:\/\/thenrbbus.com\/\" target=\"_blank\" rel=\"noreferrer noopener\">The Nrb Bus<\/a>, <a href=\"https:\/\/www.blackrhinovr.com\/home\/\" target=\"_blank\" rel=\"noreferrer noopener\">Black Rhino VR<\/a> und <a href=\"https:\/\/invr.space\/\" target=\"_blank\" rel=\"noreferrer noopener\">INVR.SPACE<\/a> produzierte Serie startet mit 5 Folgen in die erste Staffel, angek\u00fcndigt ist schon eine zweite Staffel, in welcher wir einen weiteren urbanen Hotspot Afrikas erkunden k\u00f6nnen!<\/p>\n\n\n\n<div class=\"wp-block-group has-global-padding is-layout-constrained wp-block-group-is-layout-constrained\">\n<div style=\"height:10px\" aria-hidden=\"true\" class=\"wp-block-spacer\"><\/div>\n\n\n\n<div class=\"wp-block-group has-global-padding is-layout-constrained wp-block-group-is-layout-constrained\">\n<div class=\"wp-block-cover\" style=\"min-height:265px;aspect-ratio:unset;\"><span aria-hidden=\"true\" class=\"wp-block-cover__background has-background-dim-0 has-background-dim\"><\/span><img loading=\"lazy\" decoding=\"async\" width=\"1024\" height=\"512\" class=\"wp-block-cover__image-background wp-image-7497\" alt=\"Ein Film-Still der Dokumentation African Space Makers. Der Hintergrund ist eine Illustration \nverschiedener Gendersymbole in Wei\u00df auf schwarzem Hintergrund.  Unten in der Mitte sind zwei mittels Greenscreen eingef\u00fcgte Personen, von denen eine eher weiblich gelesen ist, die andere eher m\u00e4nnlich.   Sie stehen vor jeweils einem Pfeil im illustratorischen Stil, der in ihre Richtung zeigt.\" src=\"https:\/\/konnektiv.de\/wp-content\/uploads\/2023\/04\/AfricanSpaceMakers2-1024x512.png\" style=\"object-position:54% 80%\" data-object-fit=\"cover\" data-object-position=\"54% 80%\" srcset=\"https:\/\/konnektiv.de\/wp-content\/uploads\/2023\/04\/AfricanSpaceMakers2-1024x512.png 1024w, https:\/\/konnektiv.de\/wp-content\/uploads\/2023\/04\/AfricanSpaceMakers2-300x150.png 300w, https:\/\/konnektiv.de\/wp-content\/uploads\/2023\/04\/AfricanSpaceMakers2-768x384.png 768w, https:\/\/konnektiv.de\/wp-content\/uploads\/2023\/04\/AfricanSpaceMakers2-1536x768.png 1536w, https:\/\/konnektiv.de\/wp-content\/uploads\/2023\/04\/AfricanSpaceMakers2-2048x1024.png 2048w, https:\/\/konnektiv.de\/wp-content\/uploads\/2023\/04\/AfricanSpaceMakers2-1612x806.png 1612w, https:\/\/konnektiv.de\/wp-content\/uploads\/2023\/04\/AfricanSpaceMakers2-1116x558.png 1116w, https:\/\/konnektiv.de\/wp-content\/uploads\/2023\/04\/AfricanSpaceMakers2-806x403.png 806w, https:\/\/konnektiv.de\/wp-content\/uploads\/2023\/04\/AfricanSpaceMakers2-558x279.png 558w, https:\/\/konnektiv.de\/wp-content\/uploads\/2023\/04\/AfricanSpaceMakers2-655x328.png 655w, https:\/\/konnektiv.de\/wp-content\/uploads\/2023\/04\/AfricanSpaceMakers2-1320x660.png 1320w\" sizes=\"auto, (max-width: 1024px) 100vw, 1024px\" \/><div class=\"wp-block-cover__inner-container is-layout-flow wp-block-cover-is-layout-flow\">\n<p class=\"has-text-align-center has-large-font-size\"><\/p>\n<\/div><\/div>\n\n\n\n<div style=\"height:15px\" aria-hidden=\"true\" class=\"wp-block-spacer\"><\/div>\n\n\n\n<p class=\"has-small-font-size\">Foto von <strong>AFRICAN SPACE MAKERS<\/strong> auf <a href=\"https:\/\/africanspacemakers.space\/#press\" target=\"_blank\" rel=\"noreferrer noopener\">africanspacemakers.space<\/a> <\/p>\n\n\n\n<div style=\"height:15px\" aria-hidden=\"true\" class=\"wp-block-spacer\"><\/div>\n<\/div>\n<\/div>\n\n\n\n<h4 class=\"wp-block-heading\"><strong>Reworlding<\/strong><\/h4>\n\n\n\n<p style=\"font-size:clamp(14px, 0.875rem + ((1vw - 3.2px) * 0.196), 16px);\">Der <a href=\"https:\/\/www.serpentinegalleries.org\/\" target=\"_blank\" rel=\"noreferrer noopener\">Serpentine<\/a> Podcast &#8220;<a href=\"https:\/\/www.serpentinegalleries.org\/art-and-ideas\/reworlding\/\" target=\"_blank\" rel=\"noreferrer noopener\">reworlding<\/a>&#8221; erforscht Praktiken der Imagination, die durch aufstrebende Technologien in unserer Realit\u00e4t auf neue und zug\u00e4ngliche Weise Gestalt annehmen. In f\u00fcnf Episoden werden verschiedene K\u00fcnstler*innen, Designer*innen, Autor*innen und Menschen, die unsere Wahrnehmung der Realit\u00e4t neu gestalten wollen, eingeladen, um \u00fcber ihre eigenen Visionen und Projekte zu sprechen und die Vorstellungskraft der Zuh\u00f6renden anzuregen und herauszufordern.<\/p>\n\n\n\n<div style=\"height:10px\" aria-hidden=\"true\" class=\"wp-block-spacer\"><\/div>\n\n\n\n<div class=\"wp-block-group has-global-padding is-layout-constrained wp-block-group-is-layout-constrained\">\n<div class=\"wp-block-cover\" style=\"min-height:265px;aspect-ratio:unset;\"><span aria-hidden=\"true\" class=\"wp-block-cover__background has-background-dim-0 has-background-dim\"><\/span><img loading=\"lazy\" decoding=\"async\" width=\"2560\" height=\"1707\" class=\"wp-block-cover__image-background wp-image-7520\" alt=\"Digitale Kunst. Man sieht eine wiesen\u00e4hnliche Struktur mit vielen kleinen H\u00fcgeln, auf der sich graue K\u00f6pfe mit eindr\u00fccklichen Gesichtsausdr\u00fccken befinden. Die Farbe und Struktur erinnert an Steine.\" src=\"https:\/\/konnektiv.de\/wp-content\/uploads\/2023\/04\/alesia-kazantceva-q7rAYyWZeBs-unsplash-scaled.jpg\" style=\"object-position:60% 22%\" data-object-fit=\"cover\" data-object-position=\"60% 22%\" srcset=\"https:\/\/konnektiv.de\/wp-content\/uploads\/2023\/04\/alesia-kazantceva-q7rAYyWZeBs-unsplash-scaled.jpg 2560w, https:\/\/konnektiv.de\/wp-content\/uploads\/2023\/04\/alesia-kazantceva-q7rAYyWZeBs-unsplash-300x200.jpg 300w, https:\/\/konnektiv.de\/wp-content\/uploads\/2023\/04\/alesia-kazantceva-q7rAYyWZeBs-unsplash-1024x683.jpg 1024w, https:\/\/konnektiv.de\/wp-content\/uploads\/2023\/04\/alesia-kazantceva-q7rAYyWZeBs-unsplash-768x512.jpg 768w, https:\/\/konnektiv.de\/wp-content\/uploads\/2023\/04\/alesia-kazantceva-q7rAYyWZeBs-unsplash-1536x1024.jpg 1536w, https:\/\/konnektiv.de\/wp-content\/uploads\/2023\/04\/alesia-kazantceva-q7rAYyWZeBs-unsplash-2048x1365.jpg 2048w, https:\/\/konnektiv.de\/wp-content\/uploads\/2023\/04\/alesia-kazantceva-q7rAYyWZeBs-unsplash-1612x1075.jpg 1612w, https:\/\/konnektiv.de\/wp-content\/uploads\/2023\/04\/alesia-kazantceva-q7rAYyWZeBs-unsplash-1116x744.jpg 1116w, https:\/\/konnektiv.de\/wp-content\/uploads\/2023\/04\/alesia-kazantceva-q7rAYyWZeBs-unsplash-806x537.jpg 806w, https:\/\/konnektiv.de\/wp-content\/uploads\/2023\/04\/alesia-kazantceva-q7rAYyWZeBs-unsplash-558x372.jpg 558w, https:\/\/konnektiv.de\/wp-content\/uploads\/2023\/04\/alesia-kazantceva-q7rAYyWZeBs-unsplash-655x437.jpg 655w, https:\/\/konnektiv.de\/wp-content\/uploads\/2023\/04\/alesia-kazantceva-q7rAYyWZeBs-unsplash-1320x880.jpg 1320w\" sizes=\"auto, (max-width: 2560px) 100vw, 2560px\" \/><div class=\"wp-block-cover__inner-container is-layout-flow wp-block-cover-is-layout-flow\">\n<p class=\"has-text-align-center has-large-font-size\"><\/p>\n<\/div><\/div>\n\n\n\n<div style=\"height:15px\" aria-hidden=\"true\" class=\"wp-block-spacer\"><\/div>\n\n\n\n<p class=\"has-small-font-size\">Foto von <strong><a href=\"https:\/\/unsplash.com\/@alesiaskaz?utm_source=unsplash&amp;utm_medium=referral&amp;utm_content=creditCopyText\" target=\"_blank\" rel=\"noreferrer noopener\">Alesia Kazantceva<\/a><\/strong> auf<strong> <\/strong><a rel=\"noreferrer noopener\" href=\"https:\/\/unsplash.com\/de\/s\/fotos\/utopia?utm_source=unsplash&amp;utm_medium=referral&amp;utm_content=creditCopyText\" target=\"_blank\">Unsplash<\/a><\/p>\n\n\n\n<div style=\"height:15px\" aria-hidden=\"true\" class=\"wp-block-spacer\"><\/div>\n<\/div>\n\n\n\n<h4 class=\"wp-block-heading\"><strong>Open Knowledge Foundation<\/strong><\/h4>\n\n\n\n<div class=\"wp-block-group has-global-padding is-layout-constrained wp-block-group-is-layout-constrained\">\n<div class=\"wp-block-group has-global-padding is-layout-constrained wp-block-group-is-layout-constrained\">\n<p style=\"font-size:clamp(14px, 0.875rem + ((1vw - 3.2px) * 0.196), 16px);\">F\u00fcr unser erstes Konnektiv_Impuls Interview hatten wir passend zu unserem Open Source-Schwerpunkt der Ausgabe die Ehre, mit Renata \u00c1vila zu sprechen. Neben zahlreichen Engagements rund um das Themenfeld Technologie und Gesellschaft ist die Menschenrechtsanw\u00e4ltin seit 2021 Gesch\u00e4ftsf\u00fchrerin der <a href=\"https:\/\/okfn.org\/\" target=\"_blank\" rel=\"noreferrer noopener\">Open Knowledge Foundation<\/a>.<\/p>\n\n\n\n<p style=\"font-size:clamp(14px, 0.875rem + ((1vw - 3.2px) * 0.196), 16px);\">Die internationale gemeinn\u00fctzige Organisation, setzt sich f\u00fcr Offenheit, Transparenz und das Teilen von Daten und Informationen ein. Ihre Mission ist es, durch Veranstaltungen, die Entwicklung von Tools und Standards sowie die Unterst\u00fctzung von Projekten und Gemeinschaften auf eine offene Zukunft hinzuarbeiten, in der der Zugang zu Wissen f\u00fcr alle gew\u00e4hrleistet ist.<\/p>\n\n\n\n<p style=\"font-size:clamp(14px, 0.875rem + ((1vw - 3.2px) * 0.196), 16px);\">Die F\u00f6rderung der digitalen M\u00fcndigkeit und des ethischen Umgangs mit Technologien geh\u00f6rt ebenfalls zu den Zielen der Organisation.<\/p>\n\n\n\n<p style=\"font-size:clamp(14px, 0.875rem + ((1vw - 3.2px) * 0.196), 16px);\">Weitere Informationen zum Thema Open Knowledge und Data finden Sie auf der <a href=\"https:\/\/okfn.org\/opendata\/\" target=\"_blank\" rel=\"noreferrer noopener\">Website.<\/a><\/p>\n<\/div>\n<\/div>\n\n\n\n<div class=\"wp-block-group has-global-padding is-layout-constrained wp-block-group-is-layout-constrained\">\n<div style=\"height:23px\" aria-hidden=\"true\" class=\"wp-block-spacer\"><\/div>\n\n\n\n<div class=\"wp-block-cover is-light\" style=\"min-height:300px;aspect-ratio:unset;\"><span aria-hidden=\"true\" class=\"wp-block-cover__background has-background-dim-0 has-background-dim\"><\/span><img loading=\"lazy\" decoding=\"async\" width=\"2560\" height=\"1632\" class=\"wp-block-cover__image-background wp-image-7848\" alt=\"Renata \u00c1vila Pinto\" src=\"https:\/\/konnektiv.de\/wp-content\/uploads\/2023\/05\/Renata_AVila_Pinto_OKF_Gast_Impuls_1_4000x2550_quer-scaled.jpg\" style=\"object-position:48% 26%\" data-object-fit=\"cover\" data-object-position=\"48% 26%\" srcset=\"https:\/\/konnektiv.de\/wp-content\/uploads\/2023\/05\/Renata_AVila_Pinto_OKF_Gast_Impuls_1_4000x2550_quer-scaled.jpg 2560w, https:\/\/konnektiv.de\/wp-content\/uploads\/2023\/05\/Renata_AVila_Pinto_OKF_Gast_Impuls_1_4000x2550_quer-300x191.jpg 300w, https:\/\/konnektiv.de\/wp-content\/uploads\/2023\/05\/Renata_AVila_Pinto_OKF_Gast_Impuls_1_4000x2550_quer-1024x653.jpg 1024w, https:\/\/konnektiv.de\/wp-content\/uploads\/2023\/05\/Renata_AVila_Pinto_OKF_Gast_Impuls_1_4000x2550_quer-768x490.jpg 768w, https:\/\/konnektiv.de\/wp-content\/uploads\/2023\/05\/Renata_AVila_Pinto_OKF_Gast_Impuls_1_4000x2550_quer-1536x979.jpg 1536w, https:\/\/konnektiv.de\/wp-content\/uploads\/2023\/05\/Renata_AVila_Pinto_OKF_Gast_Impuls_1_4000x2550_quer-2048x1306.jpg 2048w, https:\/\/konnektiv.de\/wp-content\/uploads\/2023\/05\/Renata_AVila_Pinto_OKF_Gast_Impuls_1_4000x2550_quer-1612x1028.jpg 1612w, https:\/\/konnektiv.de\/wp-content\/uploads\/2023\/05\/Renata_AVila_Pinto_OKF_Gast_Impuls_1_4000x2550_quer-1116x711.jpg 1116w, https:\/\/konnektiv.de\/wp-content\/uploads\/2023\/05\/Renata_AVila_Pinto_OKF_Gast_Impuls_1_4000x2550_quer-806x514.jpg 806w, https:\/\/konnektiv.de\/wp-content\/uploads\/2023\/05\/Renata_AVila_Pinto_OKF_Gast_Impuls_1_4000x2550_quer-558x356.jpg 558w, https:\/\/konnektiv.de\/wp-content\/uploads\/2023\/05\/Renata_AVila_Pinto_OKF_Gast_Impuls_1_4000x2550_quer-655x418.jpg 655w, https:\/\/konnektiv.de\/wp-content\/uploads\/2023\/05\/Renata_AVila_Pinto_OKF_Gast_Impuls_1_4000x2550_quer-1320x842.jpg 1320w\" sizes=\"auto, (max-width: 2560px) 100vw, 2560px\" \/><div class=\"wp-block-cover__inner-container has-global-padding is-layout-constrained wp-block-cover-is-layout-constrained\">\n<p class=\"has-text-align-center has-large-font-size\"><\/p>\n<\/div><\/div>\n\n\n\n<div style=\"height:15px\" aria-hidden=\"true\" class=\"wp-block-spacer\"><\/div>\n\n\n\n<p class=\"has-small-font-size\">Foto von Renata \u00c1vila Pinto, Expertin f\u00fcr globale Digitalpolitik, Gesch\u00e4ftsf\u00fchrerin der Open Knowledge Foundation und Interviewpartnerin im ersten <a rel=\"noreferrer noopener\" href=\"https:\/\/konnektiv.de\/impuls-1\/interview-renata-avila-pinto\/\" target=\"_blank\">Konnektiv Gast-Impuls<\/a>.<\/p>\n\n\n\n<div style=\"height:19px\" aria-hidden=\"true\" class=\"wp-block-spacer\"><\/div>\n<\/div>\n\n\n\n<h4 class=\"wp-block-heading\"><strong>Digital Civil Society &#8211; Access OpenTech<\/strong><\/h4>\n\n\n\n<p style=\"font-size:clamp(14px, 0.875rem + ((1vw - 3.2px) * 0.196), 16px);\">Schon unseren <a href=\"https:\/\/konnektiv.de\/impuls-1\/trend-topic-article-1-warum-ich-free-open-source-software-nutze\/\" data-type=\"post\" data-id=\"7448\" target=\"_blank\" rel=\"noreferrer noopener\">Artikel<\/a> zum Thema FOSS (Free Open Source Software) gelesen? Dieser erschien letzten Monat im Rahmen einer spannenden <a href=\"https:\/\/www.ifa.de\/fileadmin\/Content\/docs\/foerderungen\/CCP_Programm\/CCP_DigitalCivilSociety_Access-OpenTech.pdf\" data-type=\"URL\" data-id=\"https:\/\/www.ifa.de\/fileadmin\/Content\/docs\/foerderungen\/CCP_Programm\/CCP_DigitalCivilSociety_Access-OpenTech.pdf\" target=\"_blank\" rel=\"noreferrer noopener\">Ver\u00f6ffentlichung<\/a> des Instituts f\u00fcr Auslandsbeziehungen, die sich mit verschiedenen Aspekten von FOSS  besch\u00e4ftigt. <\/p>\n\n\n\n<p style=\"font-size:clamp(14px, 0.875rem + ((1vw - 3.2px) * 0.196), 16px);\">In essayistischen Beitr\u00e4gen und Interviews beleuchtet die Publikation, wie offene Software zu einer digital souver\u00e4nen Zivilgesellschaft beitr\u00e4gt, welche Freiheiten dadurch erm\u00f6glicht werden und wie empowernd sich die Arbeit mit offener Software anf\u00fchlen kann. Es freut uns sehr, dass wir mit einem Artikel einen Teil zu der im Rahmen des crossculture-Programms entstandenen Publikation beitragen konnten.<\/p>\n\n\n\n<div style=\"height:15px\" aria-hidden=\"true\" class=\"wp-block-spacer\"><\/div>\n\n\n\n<h4 class=\"wp-block-heading\"><strong>Falko One<\/strong><\/h4>\n\n\n\n<p style=\"font-size:clamp(14px, 0.875rem + ((1vw - 3.2px) * 0.196), 16px);\">Das Werk \u201eI&#8217;ve got the power&#8221; des s\u00fcdafrikanischen Street-Art-K\u00fcnstlers <a href=\"https:\/\/www.instagram.com\/p\/CFEJLuVFn9y\/?epik=dj0yJnU9dkRtZmY1Z2NKd0tfM2R1S3l1Vk1NaVJ1VTZEWEdSWmQmcD0wJm49YnZIaDAxUTBLZkV5bjFZbFBSZHVidyZ0PUFBQUFBR1JLSzln\" data-type=\"URL\" data-id=\"https:\/\/www.instagram.com\/p\/CFEJLuVFn9y\/?epik=dj0yJnU9dkRtZmY1Z2NKd0tfM2R1S3l1Vk1NaVJ1VTZEWEdSWmQmcD0wJm49YnZIaDAxUTBLZkV5bjFZbFBSZHVidyZ0PUFBQUFBR1JLSzln\" target=\"_blank\" rel=\"noreferrer noopener\">Falko One<\/a> ziert den Titel dieses ersten Kulturimpulses. Konnektiv hatte das Gl\u00fcck, das Bild im letzten Jahr f\u00fcr unser B\u00fcro erwerben zu k\u00f6nnen und damit RLABS zu unterst\u00fctzen.<\/p>\n\n\n\n<p style=\"font-size:clamp(14px, 0.875rem + ((1vw - 3.2px) * 0.196), 16px);\">Falko One schuf sein erstes Graffiti 1988 und war in seinen Anf\u00e4ngen stark von der Hip-Hop-Kultur beeinflusst. Seitdem hat er sich mit seiner Kunst einen Namen als einer der wichtigsten Street-Art-K\u00fcnstler der Welt gemacht. Falko One legt besonderen Wert darauf, seine Kunst nicht intrusiv zu gestalten, sondern in Einklang mit der lokalen Umgebung und Gesellschaft zu bringen und so Kunstwerke zu schaffen, die mit W\u00e4nden und Geb\u00e4uden zu verschmelzen scheinen.<\/p>\n\n\n\n<p style=\"font-size:clamp(14px, 0.875rem + ((1vw - 3.2px) * 0.196), 16px);\">Der K\u00fcnstler ist tempor\u00e4rer Aussteller in der <a href=\"https:\/\/www.rlabs.house\/\" target=\"_blank\" rel=\"noreferrer noopener\">RLABS-Galerie<\/a>. <a href=\"https:\/\/rlabs.org\/\" target=\"_blank\" rel=\"noreferrer noopener\">RLABS<\/a> ist eine gemeinn\u00fctzige Organisation mit Sitz in Kapstadt, die sich f\u00fcr den Aufbau und die St\u00e4rkung lokaler Gemeinschaften einsetzt. Durch Beratung, Bildungsangebote, Workshops und Veranstaltungen im eigenen Innovation Lab f\u00f6rdert RLABS Innovation und starke lokale Netzwerke.<\/p>\n\n\n\n<div style=\"height:10px\" aria-hidden=\"true\" class=\"wp-block-spacer\"><\/div>\n\n\n\n<div class=\"wp-block-group has-global-padding is-layout-constrained wp-block-group-is-layout-constrained\">\n<div class=\"wp-block-cover is-light is-repeated\" style=\"min-height:245px;aspect-ratio:unset;\"><span aria-hidden=\"true\" class=\"wp-block-cover__background has-background-dim-0 has-background-dim\"><\/span><div role=\"img\" class=\"wp-block-cover__image-background wp-image-7529 is-repeated\" style=\"background-position:49% 38%;background-image:url(https:\/\/konnektiv.de\/wp-content\/uploads\/2023\/04\/FALKO.jpg)\"><\/div><div class=\"wp-block-cover__inner-container is-layout-flow wp-block-cover-is-layout-flow\">\n<p class=\"has-text-align-center has-large-font-size\"><\/p>\n<\/div><\/div>\n\n\n\n<div style=\"height:15px\" aria-hidden=\"true\" class=\"wp-block-spacer\"><\/div>\n\n\n\n<p class=\"has-small-font-size\">Foto &#8220;I&#8217;ve got the power&#8221; von <a rel=\"noreferrer noopener\" href=\"https:\/\/twitter.com\/falko_fantastic\" data-type=\"URL\" data-id=\"https:\/\/twitter.com\/falko_fantastic\" target=\"_blank\"><strong>Falko <\/strong><\/a><strong><a rel=\"noreferrer noopener\" href=\"https:\/\/twitter.com\/falko_fantastic\" data-type=\"URL\" data-id=\"https:\/\/twitter.com\/falko_fantastic\" target=\"_blank\">One<\/a> <\/strong>(@falko_fantastic)<strong> <\/strong>auf <a rel=\"noreferrer noopener\" href=\"https:\/\/www.instagram.com\/p\/CFEJLuVFn9y\/?epik=dj0yJnU9dkRtZmY1Z2NKd0tfM2R1S3l1Vk1NaVJ1VTZEWEdSWmQmcD0wJm49YnZIaDAxUTBLZkV5bjFZbFBSZHVidyZ0PUFBQUFBR1JLSzln\" data-type=\"URL\" data-id=\"https:\/\/www.instagram.com\/p\/CFEJLuVFn9y\/?epik=dj0yJnU9dkRtZmY1Z2NKd0tfM2R1S3l1Vk1NaVJ1VTZEWEdSWmQmcD0wJm49YnZIaDAxUTBLZkV5bjFZbFBSZHVidyZ0PUFBQUFBR1JLSzln\" target=\"_blank\"><strong>Instagram<\/strong><\/a><\/p>\n\n\n\n<div style=\"height:15px\" aria-hidden=\"true\" class=\"wp-block-spacer\"><\/div>\n<\/div>\n","protected":false},"excerpt":{"rendered":"<p>In \u201eEinblicke &#038; Ausblicke\u201c pr\u00e4sentieren wir spannende Projekte, Kunst, Events u.v.m. rund um digitale Kultur und internationale Zusammenarbeit. Diesmal mit dabei: Renata \u00c1vila Pinto und Falko One.<\/p>\n","protected":false},"author":19,"featured_media":0,"comment_status":"closed","ping_status":"closed","sticky":false,"template":"","format":"standard","meta":{"_acf_changed":false,"footnotes":""},"categories":[312],"tags":[325,324,330,331],"class_list":["post-7409","post","type-post","status-publish","format-standard","hentry","category-impuls-1","tag-art","tag-culture","tag-makerspace","tag-open-knowledge"],"acf":{"subtitle":""},"yoast_head":"<!-- This site is optimized with the Yoast SEO plugin v27.5 - https:\/\/yoast.com\/product\/yoast-seo-wordpress\/ -->\n<title>Digitale Kultur und internationale Projekte - Konnektiv Kollektiv GmbH<\/title>\n<meta name=\"robots\" content=\"index, follow, max-snippet:-1, max-image-preview:large, max-video-preview:-1\" \/>\n<link rel=\"canonical\" href=\"https:\/\/konnektiv.de\/en\/impuls-1\/digitale-kultur-und-internationale-projekte\/\" \/>\n<meta property=\"og:locale\" content=\"en_US\" \/>\n<meta property=\"og:type\" content=\"article\" \/>\n<meta property=\"og:title\" content=\"Digitale Kultur und internationale Projekte - Konnektiv Kollektiv GmbH\" \/>\n<meta property=\"og:description\" content=\"In \u201eEinblicke &amp; Ausblicke\u201c pr\u00e4sentieren wir spannende Projekte, Kunst, Events u.v.m. rund um digitale Kultur und internationale Zusammenarbeit. Diesmal mit dabei: Renata \u00c1vila Pinto und Falko One.\" \/>\n<meta property=\"og:url\" content=\"https:\/\/konnektiv.de\/en\/impuls-1\/digitale-kultur-und-internationale-projekte\/\" \/>\n<meta property=\"og:site_name\" content=\"Konnektiv Kollektiv GmbH\" \/>\n<meta property=\"article:published_time\" content=\"2023-04-27T08:43:55+00:00\" \/>\n<meta property=\"article:modified_time\" content=\"2024-03-18T14:42:49+00:00\" \/>\n<meta property=\"og:image\" content=\"https:\/\/konnektiv.de\/wp-content\/uploads\/2023\/04\/FalcoFantastic-Ive-got-the-power.png\" \/>\n<meta name=\"author\" content=\"Emi Schuri\" \/>\n<meta name=\"twitter:card\" content=\"summary_large_image\" \/>\n<meta name=\"twitter:label1\" content=\"Written by\" \/>\n\t<meta name=\"twitter:data1\" content=\"Emi Schuri\" \/>\n\t<meta name=\"twitter:label2\" content=\"Est. reading time\" \/>\n\t<meta name=\"twitter:data2\" content=\"3 minutes\" \/>\n<script type=\"application\/ld+json\" class=\"yoast-schema-graph\">{\"@context\":\"https:\\\/\\\/schema.org\",\"@graph\":[{\"@type\":\"Article\",\"@id\":\"https:\\\/\\\/konnektiv.de\\\/en\\\/impuls-1\\\/digitale-kultur-und-internationale-projekte\\\/#article\",\"isPartOf\":{\"@id\":\"https:\\\/\\\/konnektiv.de\\\/en\\\/impuls-1\\\/digitale-kultur-und-internationale-projekte\\\/\"},\"author\":{\"name\":\"Emi Schuri\",\"@id\":\"https:\\\/\\\/konnektiv.de\\\/#\\\/schema\\\/person\\\/76de845b1bc9059085fe0c813a29acbf\"},\"headline\":\"Digitale Kultur und internationale Projekte\",\"datePublished\":\"2023-04-27T08:43:55+00:00\",\"dateModified\":\"2024-03-18T14:42:49+00:00\",\"mainEntityOfPage\":{\"@id\":\"https:\\\/\\\/konnektiv.de\\\/en\\\/impuls-1\\\/digitale-kultur-und-internationale-projekte\\\/\"},\"wordCount\":671,\"publisher\":{\"@id\":\"https:\\\/\\\/konnektiv.de\\\/#organization\"},\"image\":{\"@id\":\"https:\\\/\\\/konnektiv.de\\\/en\\\/impuls-1\\\/digitale-kultur-und-internationale-projekte\\\/#primaryimage\"},\"thumbnailUrl\":\"https:\\\/\\\/konnektiv.de\\\/wp-content\\\/uploads\\\/2023\\\/04\\\/FalcoFantastic-Ive-got-the-power.png\",\"keywords\":[\"#Art\",\"#Culture\",\"Makerspace\",\"Open Knowledge\"],\"articleSection\":[\"Impuls 1\"],\"inLanguage\":\"en-US\"},{\"@type\":\"WebPage\",\"@id\":\"https:\\\/\\\/konnektiv.de\\\/en\\\/impuls-1\\\/digitale-kultur-und-internationale-projekte\\\/\",\"url\":\"https:\\\/\\\/konnektiv.de\\\/en\\\/impuls-1\\\/digitale-kultur-und-internationale-projekte\\\/\",\"name\":\"Digitale Kultur und internationale Projekte - Konnektiv Kollektiv GmbH\",\"isPartOf\":{\"@id\":\"https:\\\/\\\/konnektiv.de\\\/#website\"},\"primaryImageOfPage\":{\"@id\":\"https:\\\/\\\/konnektiv.de\\\/en\\\/impuls-1\\\/digitale-kultur-und-internationale-projekte\\\/#primaryimage\"},\"image\":{\"@id\":\"https:\\\/\\\/konnektiv.de\\\/en\\\/impuls-1\\\/digitale-kultur-und-internationale-projekte\\\/#primaryimage\"},\"thumbnailUrl\":\"https:\\\/\\\/konnektiv.de\\\/wp-content\\\/uploads\\\/2023\\\/04\\\/FalcoFantastic-Ive-got-the-power.png\",\"datePublished\":\"2023-04-27T08:43:55+00:00\",\"dateModified\":\"2024-03-18T14:42:49+00:00\",\"breadcrumb\":{\"@id\":\"https:\\\/\\\/konnektiv.de\\\/en\\\/impuls-1\\\/digitale-kultur-und-internationale-projekte\\\/#breadcrumb\"},\"inLanguage\":\"en-US\",\"potentialAction\":[{\"@type\":\"ReadAction\",\"target\":[\"https:\\\/\\\/konnektiv.de\\\/en\\\/impuls-1\\\/digitale-kultur-und-internationale-projekte\\\/\"]}]},{\"@type\":\"ImageObject\",\"inLanguage\":\"en-US\",\"@id\":\"https:\\\/\\\/konnektiv.de\\\/en\\\/impuls-1\\\/digitale-kultur-und-internationale-projekte\\\/#primaryimage\",\"url\":\"https:\\\/\\\/konnektiv.de\\\/wp-content\\\/uploads\\\/2023\\\/04\\\/FalcoFantastic-Ive-got-the-power.png\",\"contentUrl\":\"https:\\\/\\\/konnektiv.de\\\/wp-content\\\/uploads\\\/2023\\\/04\\\/FalcoFantastic-Ive-got-the-power.png\"},{\"@type\":\"BreadcrumbList\",\"@id\":\"https:\\\/\\\/konnektiv.de\\\/en\\\/impuls-1\\\/digitale-kultur-und-internationale-projekte\\\/#breadcrumb\",\"itemListElement\":[{\"@type\":\"ListItem\",\"position\":1,\"name\":\"Home\",\"item\":\"https:\\\/\\\/konnektiv.de\\\/\"},{\"@type\":\"ListItem\",\"position\":2,\"name\":\"Digitale Kultur und internationale Projekte\"}]},{\"@type\":\"WebSite\",\"@id\":\"https:\\\/\\\/konnektiv.de\\\/#website\",\"url\":\"https:\\\/\\\/konnektiv.de\\\/\",\"name\":\"Konnektiv Kollektiv GmbH\",\"description\":\"\",\"publisher\":{\"@id\":\"https:\\\/\\\/konnektiv.de\\\/#organization\"},\"potentialAction\":[{\"@type\":\"SearchAction\",\"target\":{\"@type\":\"EntryPoint\",\"urlTemplate\":\"https:\\\/\\\/konnektiv.de\\\/?s={search_term_string}\"},\"query-input\":{\"@type\":\"PropertyValueSpecification\",\"valueRequired\":true,\"valueName\":\"search_term_string\"}}],\"inLanguage\":\"en-US\"},{\"@type\":\"Organization\",\"@id\":\"https:\\\/\\\/konnektiv.de\\\/#organization\",\"name\":\"Konnektiv Kollektiv GmbH\",\"url\":\"https:\\\/\\\/konnektiv.de\\\/\",\"logo\":{\"@type\":\"ImageObject\",\"inLanguage\":\"en-US\",\"@id\":\"https:\\\/\\\/konnektiv.de\\\/#\\\/schema\\\/logo\\\/image\\\/\",\"url\":\"https:\\\/\\\/konnektiv.de\\\/wp-content\\\/uploads\\\/2024\\\/03\\\/konnektiv2.svg\",\"contentUrl\":\"https:\\\/\\\/konnektiv.de\\\/wp-content\\\/uploads\\\/2024\\\/03\\\/konnektiv2.svg\",\"caption\":\"Konnektiv Kollektiv GmbH\"},\"image\":{\"@id\":\"https:\\\/\\\/konnektiv.de\\\/#\\\/schema\\\/logo\\\/image\\\/\"}},{\"@type\":\"Person\",\"@id\":\"https:\\\/\\\/konnektiv.de\\\/#\\\/schema\\\/person\\\/76de845b1bc9059085fe0c813a29acbf\",\"name\":\"Emi Schuri\",\"image\":{\"@type\":\"ImageObject\",\"inLanguage\":\"en-US\",\"@id\":\"https:\\\/\\\/secure.gravatar.com\\\/avatar\\\/7bfadeb00949b46357425d679c51b6db79b6bb4eb93409f93a28ffb89f87d091?s=96&d=mm&r=g\",\"url\":\"https:\\\/\\\/secure.gravatar.com\\\/avatar\\\/7bfadeb00949b46357425d679c51b6db79b6bb4eb93409f93a28ffb89f87d091?s=96&d=mm&r=g\",\"contentUrl\":\"https:\\\/\\\/secure.gravatar.com\\\/avatar\\\/7bfadeb00949b46357425d679c51b6db79b6bb4eb93409f93a28ffb89f87d091?s=96&d=mm&r=g\",\"caption\":\"Emi Schuri\"},\"url\":\"https:\\\/\\\/konnektiv.de\\\/en\\\/author\\\/emi\\\/\"}]}<\/script>\n<!-- \/ Yoast SEO plugin. -->","yoast_head_json":{"title":"Digitale Kultur und internationale Projekte - Konnektiv Kollektiv GmbH","robots":{"index":"index","follow":"follow","max-snippet":"max-snippet:-1","max-image-preview":"max-image-preview:large","max-video-preview":"max-video-preview:-1"},"canonical":"https:\/\/konnektiv.de\/en\/impuls-1\/digitale-kultur-und-internationale-projekte\/","og_locale":"en_US","og_type":"article","og_title":"Digitale Kultur und internationale Projekte - Konnektiv Kollektiv GmbH","og_description":"In \u201eEinblicke & Ausblicke\u201c pr\u00e4sentieren wir spannende Projekte, Kunst, Events u.v.m. rund um digitale Kultur und internationale Zusammenarbeit. Diesmal mit dabei: Renata \u00c1vila Pinto und Falko One.","og_url":"https:\/\/konnektiv.de\/en\/impuls-1\/digitale-kultur-und-internationale-projekte\/","og_site_name":"Konnektiv Kollektiv GmbH","article_published_time":"2023-04-27T08:43:55+00:00","article_modified_time":"2024-03-18T14:42:49+00:00","og_image":[{"url":"https:\/\/konnektiv.de\/wp-content\/uploads\/2023\/04\/FalcoFantastic-Ive-got-the-power.png","type":"","width":"","height":""}],"author":"Emi Schuri","twitter_card":"summary_large_image","twitter_misc":{"Written by":"Emi Schuri","Est. reading time":"3 minutes"},"schema":{"@context":"https:\/\/schema.org","@graph":[{"@type":"Article","@id":"https:\/\/konnektiv.de\/en\/impuls-1\/digitale-kultur-und-internationale-projekte\/#article","isPartOf":{"@id":"https:\/\/konnektiv.de\/en\/impuls-1\/digitale-kultur-und-internationale-projekte\/"},"author":{"name":"Emi Schuri","@id":"https:\/\/konnektiv.de\/#\/schema\/person\/76de845b1bc9059085fe0c813a29acbf"},"headline":"Digitale Kultur und internationale Projekte","datePublished":"2023-04-27T08:43:55+00:00","dateModified":"2024-03-18T14:42:49+00:00","mainEntityOfPage":{"@id":"https:\/\/konnektiv.de\/en\/impuls-1\/digitale-kultur-und-internationale-projekte\/"},"wordCount":671,"publisher":{"@id":"https:\/\/konnektiv.de\/#organization"},"image":{"@id":"https:\/\/konnektiv.de\/en\/impuls-1\/digitale-kultur-und-internationale-projekte\/#primaryimage"},"thumbnailUrl":"https:\/\/konnektiv.de\/wp-content\/uploads\/2023\/04\/FalcoFantastic-Ive-got-the-power.png","keywords":["#Art","#Culture","Makerspace","Open Knowledge"],"articleSection":["Impuls 1"],"inLanguage":"en-US"},{"@type":"WebPage","@id":"https:\/\/konnektiv.de\/en\/impuls-1\/digitale-kultur-und-internationale-projekte\/","url":"https:\/\/konnektiv.de\/en\/impuls-1\/digitale-kultur-und-internationale-projekte\/","name":"Digitale Kultur und internationale Projekte - Konnektiv Kollektiv GmbH","isPartOf":{"@id":"https:\/\/konnektiv.de\/#website"},"primaryImageOfPage":{"@id":"https:\/\/konnektiv.de\/en\/impuls-1\/digitale-kultur-und-internationale-projekte\/#primaryimage"},"image":{"@id":"https:\/\/konnektiv.de\/en\/impuls-1\/digitale-kultur-und-internationale-projekte\/#primaryimage"},"thumbnailUrl":"https:\/\/konnektiv.de\/wp-content\/uploads\/2023\/04\/FalcoFantastic-Ive-got-the-power.png","datePublished":"2023-04-27T08:43:55+00:00","dateModified":"2024-03-18T14:42:49+00:00","breadcrumb":{"@id":"https:\/\/konnektiv.de\/en\/impuls-1\/digitale-kultur-und-internationale-projekte\/#breadcrumb"},"inLanguage":"en-US","potentialAction":[{"@type":"ReadAction","target":["https:\/\/konnektiv.de\/en\/impuls-1\/digitale-kultur-und-internationale-projekte\/"]}]},{"@type":"ImageObject","inLanguage":"en-US","@id":"https:\/\/konnektiv.de\/en\/impuls-1\/digitale-kultur-und-internationale-projekte\/#primaryimage","url":"https:\/\/konnektiv.de\/wp-content\/uploads\/2023\/04\/FalcoFantastic-Ive-got-the-power.png","contentUrl":"https:\/\/konnektiv.de\/wp-content\/uploads\/2023\/04\/FalcoFantastic-Ive-got-the-power.png"},{"@type":"BreadcrumbList","@id":"https:\/\/konnektiv.de\/en\/impuls-1\/digitale-kultur-und-internationale-projekte\/#breadcrumb","itemListElement":[{"@type":"ListItem","position":1,"name":"Home","item":"https:\/\/konnektiv.de\/"},{"@type":"ListItem","position":2,"name":"Digitale Kultur und internationale Projekte"}]},{"@type":"WebSite","@id":"https:\/\/konnektiv.de\/#website","url":"https:\/\/konnektiv.de\/","name":"Konnektiv Kollektiv GmbH","description":"","publisher":{"@id":"https:\/\/konnektiv.de\/#organization"},"potentialAction":[{"@type":"SearchAction","target":{"@type":"EntryPoint","urlTemplate":"https:\/\/konnektiv.de\/?s={search_term_string}"},"query-input":{"@type":"PropertyValueSpecification","valueRequired":true,"valueName":"search_term_string"}}],"inLanguage":"en-US"},{"@type":"Organization","@id":"https:\/\/konnektiv.de\/#organization","name":"Konnektiv Kollektiv GmbH","url":"https:\/\/konnektiv.de\/","logo":{"@type":"ImageObject","inLanguage":"en-US","@id":"https:\/\/konnektiv.de\/#\/schema\/logo\/image\/","url":"https:\/\/konnektiv.de\/wp-content\/uploads\/2024\/03\/konnektiv2.svg","contentUrl":"https:\/\/konnektiv.de\/wp-content\/uploads\/2024\/03\/konnektiv2.svg","caption":"Konnektiv Kollektiv GmbH"},"image":{"@id":"https:\/\/konnektiv.de\/#\/schema\/logo\/image\/"}},{"@type":"Person","@id":"https:\/\/konnektiv.de\/#\/schema\/person\/76de845b1bc9059085fe0c813a29acbf","name":"Emi Schuri","image":{"@type":"ImageObject","inLanguage":"en-US","@id":"https:\/\/secure.gravatar.com\/avatar\/7bfadeb00949b46357425d679c51b6db79b6bb4eb93409f93a28ffb89f87d091?s=96&d=mm&r=g","url":"https:\/\/secure.gravatar.com\/avatar\/7bfadeb00949b46357425d679c51b6db79b6bb4eb93409f93a28ffb89f87d091?s=96&d=mm&r=g","contentUrl":"https:\/\/secure.gravatar.com\/avatar\/7bfadeb00949b46357425d679c51b6db79b6bb4eb93409f93a28ffb89f87d091?s=96&d=mm&r=g","caption":"Emi Schuri"},"url":"https:\/\/konnektiv.de\/en\/author\/emi\/"}]}},"_links":{"self":[{"href":"https:\/\/konnektiv.de\/en\/wp-json\/wp\/v2\/posts\/7409","targetHints":{"allow":["GET"]}}],"collection":[{"href":"https:\/\/konnektiv.de\/en\/wp-json\/wp\/v2\/posts"}],"about":[{"href":"https:\/\/konnektiv.de\/en\/wp-json\/wp\/v2\/types\/post"}],"author":[{"embeddable":true,"href":"https:\/\/konnektiv.de\/en\/wp-json\/wp\/v2\/users\/19"}],"replies":[{"embeddable":true,"href":"https:\/\/konnektiv.de\/en\/wp-json\/wp\/v2\/comments?post=7409"}],"version-history":[{"count":77,"href":"https:\/\/konnektiv.de\/en\/wp-json\/wp\/v2\/posts\/7409\/revisions"}],"predecessor-version":[{"id":7858,"href":"https:\/\/konnektiv.de\/en\/wp-json\/wp\/v2\/posts\/7409\/revisions\/7858"}],"wp:attachment":[{"href":"https:\/\/konnektiv.de\/en\/wp-json\/wp\/v2\/media?parent=7409"}],"wp:term":[{"taxonomy":"category","embeddable":true,"href":"https:\/\/konnektiv.de\/en\/wp-json\/wp\/v2\/categories?post=7409"},{"taxonomy":"post_tag","embeddable":true,"href":"https:\/\/konnektiv.de\/en\/wp-json\/wp\/v2\/tags?post=7409"}],"curies":[{"name":"wp","href":"https:\/\/api.w.org\/{rel}","templated":true}]}}